{"id":982,"date":"2023-08-05T20:19:27","date_gmt":"2023-08-05T18:19:27","guid":{"rendered":"https:\/\/unissons.art\/?p=982"},"modified":"2023-08-24T17:40:44","modified_gmt":"2023-08-24T15:40:44","slug":"article-dans-le-parisien-aujourdhui","status":"publish","type":"post","link":"https:\/\/unissons.art\/?p=982","title":{"rendered":"Article dans le Parisien aujourd&rsquo;hui"},"content":{"rendered":"\n<p>Un tr\u00e8s bel article en Une du Grand Parisien aujourd&rsquo;hui. <a href=\"https:\/\/www.leparisien.fr\/yvelines-78\/ecoles-ehpad-prisons-a-trappes-ils-donnent-une-seconde-vie-aux-pianos-dans-des-lieux-ou-ils-sont-inattendus-05-08-2023-RILH3P6QQFAMHA6MEICTQXWMHY.php\">Cliquer ici pour le lire<\/a> (version abonn\u00e9s \/ <a href=\"https:\/\/unissons.art\/wp-content\/uploads\/2023\/08\/le_parisien.jpg\" target=\"_blank\" rel=\"noreferrer noopener\" aria-label=\"archive (s\u2019ouvre dans un nouvel onglet)\">archive<\/a>).<\/p>\n\n\n\n<p>Merci au journaliste <a href=\"https:\/\/www.leparisien.fr\/auteur\/maxime-laurent\/\">Maxime Laurent<\/a> qui est venu interviewer \u00e0 l&rsquo;\u00c9cole Camus de Trappes o\u00f9 sont stock\u00e9s certains pianos avant leur d\u00e9part.<br><\/p>\n\n\n\n<figure class=\"wp-block-image\"><img loading=\"lazy\" decoding=\"async\" width=\"1000\" height=\"1000\" src=\"https:\/\/unissons.art\/wp-content\/uploads\/2023\/08\/le_parisien_2023.jpg\" alt=\"\" class=\"wp-image-983\" srcset=\"https:\/\/unissons.art\/wp-content\/uploads\/2023\/08\/le_parisien_2023.jpg 1000w, https:\/\/unissons.art\/wp-content\/uploads\/2023\/08\/le_parisien_2023-150x150.jpg 150w, https:\/\/unissons.art\/wp-content\/uploads\/2023\/08\/le_parisien_2023-300x300.jpg 300w, https:\/\/unissons.art\/wp-content\/uploads\/2023\/08\/le_parisien_2023-768x768.jpg 768w\" sizes=\"auto, (max-width: 1000px) 100vw, 1000px\" \/><figcaption>(<a rel=\"noreferrer noopener\" href=\"https:\/\/unissons.art\/wp-content\/uploads\/2023\/08\/le_parisien2023-lisible.png\" target=\"_blank\">photo zoom\u00e9e<\/a>)<\/figcaption><\/figure>\n\n\n\n<p><\/p>\n","protected":false},"excerpt":{"rendered":"<p>Un tr\u00e8s bel article en Une du Grand Parisien aujourd&rsquo;hui. Cliquer ici pour le lire (version abonn\u00e9s \/ archive). Merci au journaliste Maxime Laurent qui est venu interviewer \u00e0 l&rsquo;\u00c9cole Camus de Trappes o\u00f9 sont stock\u00e9s certains pianos avant leur d\u00e9part.<\/p>\n","protected":false},"author":1,"featured_media":983,"comment_status":"closed","ping_status":"open","sticky":false,"template":"","format":"standard","meta":{"footnotes":""},"categories":[2],"tags":[],"class_list":["post-982","post","type-post","status-publish","format-standard","has-post-thumbnail","hentry","category-actualites"],"_links":{"self":[{"href":"https:\/\/unissons.art\/index.php?rest_route=\/wp\/v2\/posts\/982","targetHints":{"allow":["GET"]}}],"collection":[{"href":"https:\/\/unissons.art\/index.php?rest_route=\/wp\/v2\/posts"}],"about":[{"href":"https:\/\/unissons.art\/index.php?rest_route=\/wp\/v2\/types\/post"}],"author":[{"embeddable":true,"href":"https:\/\/unissons.art\/index.php?rest_route=\/wp\/v2\/users\/1"}],"replies":[{"embeddable":true,"href":"https:\/\/unissons.art\/index.php?rest_route=%2Fwp%2Fv2%2Fcomments&post=982"}],"version-history":[{"count":2,"href":"https:\/\/unissons.art\/index.php?rest_route=\/wp\/v2\/posts\/982\/revisions"}],"predecessor-version":[{"id":994,"href":"https:\/\/unissons.art\/index.php?rest_route=\/wp\/v2\/posts\/982\/revisions\/994"}],"wp:featuredmedia":[{"embeddable":true,"href":"https:\/\/unissons.art\/index.php?rest_route=\/wp\/v2\/media\/983"}],"wp:attachment":[{"href":"https:\/\/unissons.art\/index.php?rest_route=%2Fwp%2Fv2%2Fmedia&parent=982"}],"wp:term":[{"taxonomy":"category","embeddable":true,"href":"https:\/\/unissons.art\/index.php?rest_route=%2Fwp%2Fv2%2Fcategories&post=982"},{"taxonomy":"post_tag","embeddable":true,"href":"https:\/\/unissons.art\/index.php?rest_route=%2Fwp%2Fv2%2Ftags&post=982"}],"curies":[{"name":"wp","href":"https:\/\/api.w.org\/{rel}","templated":true}]}}