{"id":962,"date":"2023-07-27T18:50:08","date_gmt":"2023-07-27T16:50:08","guid":{"rendered":"https:\/\/unissons.art\/?p=962"},"modified":"2023-08-04T09:52:02","modified_gmt":"2023-08-04T07:52:02","slug":"le-50e-don-unissons-est-en-bretagne","status":"publish","type":"post","link":"https:\/\/unissons.art\/?p=962","title":{"rendered":"Le 50e don Unissons est en Bretagne !"},"content":{"rendered":"\n<p>Aujourd&rsquo;hui nous c\u00e9l\u00e9brons <strong>cinq<\/strong> nouveaux <a rel=\"noreferrer noopener\" aria-label=\"dons en Bretagne (s\u2019ouvre dans un nouvel onglet)\" href=\"http:\/\/umap.openstreetmap.fr\/fr\/map\/association-unissons_848183#13\/48.1230\/-1.6692\" target=\"_blank\">dons en Bretagne<\/a> et nous explosons les compteurs ! Plus de 50 pianos Unissons donn\u00e9s en France ! Ce sont les Amiti\u00e9s Sociales de Rennes, des \u00ab Foyers Jeunes Travailleurs \u00bb, qui re\u00e7oivent au sein de leur espace trois beaux pianos d\u2019Ile-de-France, et deux autres pianos sont install\u00e9s ailleurs \u00e0 Rennes (<a rel=\"noreferrer noopener\" aria-label=\"lire ici l'article (s\u2019ouvre dans un nouvel onglet)\" href=\"https:\/\/unissons.art\/?p=952\" target=\"_blank\">lire ici l&rsquo;article<\/a>). <\/p>\n\n\n\n<ul class=\"wp-block-gallery columns-2 is-cropped wp-block-gallery-1 is-layout-flex wp-block-gallery-is-layout-flex\"><li class=\"blocks-gallery-item\"><figure><img loading=\"lazy\" decoding=\"async\" width=\"1024\" height=\"461\" src=\"https:\/\/unissons.art\/wp-content\/uploads\/2023\/08\/AS-Petrof2-1024x461.jpg\" alt=\"\" data-id=\"971\" data-link=\"https:\/\/unissons.art\/?attachment_id=971#main\" class=\"wp-image-971\" srcset=\"https:\/\/unissons.art\/wp-content\/uploads\/2023\/08\/AS-Petrof2-1024x461.jpg 1024w, https:\/\/unissons.art\/wp-content\/uploads\/2023\/08\/AS-Petrof2-300x135.jpg 300w, https:\/\/unissons.art\/wp-content\/uploads\/2023\/08\/AS-Petrof2-768x345.jpg 768w, https:\/\/unissons.art\/wp-content\/uploads\/2023\/08\/AS-Petrof2.jpg 2048w\" sizes=\"auto, (max-width: 1024px) 100vw, 1024px\" \/><\/figure><\/li><li class=\"blocks-gallery-item\"><figure><img loading=\"lazy\" decoding=\"async\" width=\"1024\" height=\"462\" src=\"https:\/\/unissons.art\/wp-content\/uploads\/2023\/08\/AS-Petrof1-1024x462.jpg\" alt=\"\" data-id=\"970\" data-link=\"https:\/\/unissons.art\/?attachment_id=970#main\" class=\"wp-image-970\" srcset=\"https:\/\/unissons.art\/wp-content\/uploads\/2023\/08\/AS-Petrof1-1024x462.jpg 1024w, https:\/\/unissons.art\/wp-content\/uploads\/2023\/08\/AS-Petrof1-300x135.jpg 300w, https:\/\/unissons.art\/wp-content\/uploads\/2023\/08\/AS-Petrof1-768x346.jpg 768w, https:\/\/unissons.art\/wp-content\/uploads\/2023\/08\/AS-Petrof1.jpg 2048w\" sizes=\"auto, (max-width: 1024px) 100vw, 1024px\" \/><\/figure><\/li><\/ul>\n\n\n\n<p>Le premier don est un beau Petrof plac\u00e9 dans un petit salon, offrant \u00e0 chaque jeune travailleur l&rsquo;opportunit\u00e9 de jouer toute la journ\u00e9e. Ce piano sera inaugur\u00e9 le 10 aout 2023 \u00e0 18h, \u00e9v\u00e8nement ouvert \u00e0 tout\u00b7e\u00b7s.<\/p>\n\n\n\n<figure class=\"wp-block-image\"><img loading=\"lazy\" decoding=\"async\" width=\"1024\" height=\"461\" src=\"https:\/\/unissons.art\/wp-content\/uploads\/2023\/08\/AS-Maeari2-1024x461.jpg\" alt=\"\" class=\"wp-image-968\" srcset=\"https:\/\/unissons.art\/wp-content\/uploads\/2023\/08\/AS-Maeari2-1024x461.jpg 1024w, https:\/\/unissons.art\/wp-content\/uploads\/2023\/08\/AS-Maeari2-300x135.jpg 300w, https:\/\/unissons.art\/wp-content\/uploads\/2023\/08\/AS-Maeari2-768x346.jpg 768w, https:\/\/unissons.art\/wp-content\/uploads\/2023\/08\/AS-Maeari2.jpg 1600w\" sizes=\"auto, (max-width: 1024px) 100vw, 1024px\" \/><\/figure>\n\n\n\n<p>Le second piano est un joli Maeari blanc, install\u00e9 en mezzanine dans la r\u00e9sidence des Colibri. Son acoustique rend le son particuli\u00e8rement harmonieux et profite dans des temps calmes et conviviaux \u00e0 chaque r\u00e9sident.e. <\/p>\n\n\n\n<figure class=\"wp-block-image\"><img loading=\"lazy\" decoding=\"async\" width=\"1024\" height=\"450\" src=\"https:\/\/unissons.art\/wp-content\/uploads\/2023\/08\/AS-Bohemia12-1024x450.jpg\" alt=\"\" class=\"wp-image-972\" srcset=\"https:\/\/unissons.art\/wp-content\/uploads\/2023\/08\/AS-Bohemia12-1024x450.jpg 1024w, https:\/\/unissons.art\/wp-content\/uploads\/2023\/08\/AS-Bohemia12-300x132.jpg 300w, https:\/\/unissons.art\/wp-content\/uploads\/2023\/08\/AS-Bohemia12-768x337.jpg 768w\" sizes=\"auto, (max-width: 1024px) 100vw, 1024px\" \/><\/figure>\n\n\n\n<p>Enfin, le dernier est plac\u00e9 \u00e0 la r\u00e9sidence des Gantelles, un Bohemia rempla\u00e7ant un vieux Elck\u00e9 qui ne pouvait plus \u00eatre accord\u00e9. <\/p>\n\n\n\n<p>L&rsquo;acc\u00e8s au piano est ouvert au public dans les r\u00e9sidences : vient qui veut jouer&nbsp;! (n\u2019h\u00e9sitez pas \u00e0 contacter les r\u00e9sidences)<\/p>\n\n\n\n<p>Nous remercions chaleureusement l&rsquo;<a href=\"https:\/\/www.facebook.com\/assokinga\" target=\"_blank\" rel=\"noreferrer noopener\" aria-label=\"association Kinga (s\u2019ouvre dans un nouvel onglet)\">association Kinga<\/a>, qui a achemin\u00e9 ces pianos des quatre coins de l\u2019Ile-de-France jusqu\u2019\u00e0 Rennes. <\/p>\n\n\n\n<p>Merci \u00e0 \u00c9lise, animatrice des Foyers Jeunes Travailleurs, qui par sa d\u00e9termination et son int\u00e9r\u00eat pour les pianos a permis de conclure ce beau projet ! <\/p>\n\n\n\n<p>Enfin, bien s\u00fbr, merci aux anciens propri\u00e9taires de ces trois pianos, pour leurs dons g\u00e9n\u00e9reux : \u00c9ric de Saint-Martin-de-Nigelles (Petrof), Gilles d\u2019Arvieux en Hautes Alpes (Maeari) et Fran\u00e7ois de Thorigny-sur-Marne (Bohemia).<\/p>\n","protected":false},"excerpt":{"rendered":"<p>Aujourd&rsquo;hui nous c\u00e9l\u00e9brons cinq nouveaux dons en Bretagne et nous explosons les compteurs ! Plus de 50 pianos Unissons donn\u00e9s en France ! Ce sont les Amiti\u00e9s Sociales de Rennes, des \u00ab Foyers Jeunes Travailleurs \u00bb, qui re\u00e7oivent au sein de leur espace trois beaux pianos d\u2019Ile-de-France, et deux autres pianos sont install\u00e9s ailleurs \u00e0 &#8230; <a title=\"Le 50e don Unissons est en Bretagne !\" class=\"read-more\" href=\"https:\/\/unissons.art\/?p=962\">Lire la suite<span class=\"screen-reader-text\">Le 50e don Unissons est en Bretagne !<\/span><\/a><\/p>\n","protected":false},"author":1,"featured_media":965,"comment_status":"closed","ping_status":"open","sticky":false,"template":"","format":"standard","meta":{"footnotes":""},"categories":[2],"tags":[],"class_list":["post-962","post","type-post","status-publish","format-standard","has-post-thumbnail","hentry","category-actualites"],"_links":{"self":[{"href":"https:\/\/unissons.art\/index.php?rest_route=\/wp\/v2\/posts\/962","targetHints":{"allow":["GET"]}}],"collection":[{"href":"https:\/\/unissons.art\/index.php?rest_route=\/wp\/v2\/posts"}],"about":[{"href":"https:\/\/unissons.art\/index.php?rest_route=\/wp\/v2\/types\/post"}],"author":[{"embeddable":true,"href":"https:\/\/unissons.art\/index.php?rest_route=\/wp\/v2\/users\/1"}],"replies":[{"embeddable":true,"href":"https:\/\/unissons.art\/index.php?rest_route=%2Fwp%2Fv2%2Fcomments&post=962"}],"version-history":[{"count":5,"href":"https:\/\/unissons.art\/index.php?rest_route=\/wp\/v2\/posts\/962\/revisions"}],"predecessor-version":[{"id":980,"href":"https:\/\/unissons.art\/index.php?rest_route=\/wp\/v2\/posts\/962\/revisions\/980"}],"wp:featuredmedia":[{"embeddable":true,"href":"https:\/\/unissons.art\/index.php?rest_route=\/wp\/v2\/media\/965"}],"wp:attachment":[{"href":"https:\/\/unissons.art\/index.php?rest_route=%2Fwp%2Fv2%2Fmedia&parent=962"}],"wp:term":[{"taxonomy":"category","embeddable":true,"href":"https:\/\/unissons.art\/index.php?rest_route=%2Fwp%2Fv2%2Fcategories&post=962"},{"taxonomy":"post_tag","embeddable":true,"href":"https:\/\/unissons.art\/index.php?rest_route=%2Fwp%2Fv2%2Ftags&post=962"}],"curies":[{"name":"wp","href":"https:\/\/api.w.org\/{rel}","templated":true}]}}