{"id":923,"date":"2023-07-06T10:18:48","date_gmt":"2023-07-06T08:18:48","guid":{"rendered":"https:\/\/unissons.art\/?p=923"},"modified":"2023-07-06T10:18:48","modified_gmt":"2023-07-06T08:18:48","slug":"conference-dunissons-au-congres-europiano-france","status":"publish","type":"post","link":"https:\/\/unissons.art\/?p=923","title":{"rendered":"Conf\u00e9rence d\u2019Unissons au congr\u00e8s Europiano France"},"content":{"rendered":"\n<figure class=\"wp-block-embed-youtube wp-block-embed is-type-video is-provider-youtube wp-embed-aspect-16-9 wp-has-aspect-ratio\"><div class=\"wp-block-embed__wrapper\">\n<iframe loading=\"lazy\" width=\"1200\" height=\"675\" src=\"https:\/\/www.youtube.com\/embed\/L06Jv1mCtB4?list=PLB-hq-QbnyjzLb-xY0goh7wyovpEOKJCZ\" frameborder=\"0\" allow=\"accelerometer; autoplay; clipboard-write; encrypted-media; gyroscope; picture-in-picture; web-share\" allowfullscreen><\/iframe>\n<\/div><figcaption><br><\/figcaption><\/figure>\n\n\n\n<p>Nous sommes heureux\u00b7euses de vous pr\u00e9senter la vid\u00e9oconf\u00e9rence qui s&rsquo;est d\u00e9roul\u00e9e le 6 mai dernier lors du congr\u00e8s EuroPiano France \u00e0 Bordeaux ! <\/p>\n\n\n\n<p>Que faire des pianos ayant perdu toute valeur commerciale mais pourtant fonctionnels ? <\/p>\n\n\n\n<p>Voici nos missions : trouver des lieux d\u2019accueil pour ces pianos \u00ab \u00e0 la retraite \u00bb, des lieux o\u00f9 l\u2019on est surpris d\u2019en trouver un, des lieux pour permettre la rencontre entre la musique et des personnes qui n\u2019en aurait pas eu les moyens. <\/p>\n\n\n\n<p>Venez d\u00e9couvrir notre histoire, de son origine \u00e0 nos missions concr\u00e8tes ! <\/p>\n\n\n\n<p>Merci \u00e0 <a rel=\"noreferrer noopener\" aria-label=\"EuroPiano France (s\u2019ouvre dans un nouvel onglet)\" href=\"https:\/\/www.facebook.com\/europianofrance\" target=\"_blank\">EuroPiano France<\/a> de nous avoir permis ce temps fort et d&rsquo;\u00e9changes parmi les professionnel\u00b7le\u00b7s du piano.<\/p>\n\n\n\n<p><\/p>\n","protected":false},"excerpt":{"rendered":"<p>Nous sommes heureux\u00b7euses de vous pr\u00e9senter la vid\u00e9oconf\u00e9rence qui s&rsquo;est d\u00e9roul\u00e9e le 6 mai dernier lors du congr\u00e8s EuroPiano France \u00e0 Bordeaux ! Que faire des pianos ayant perdu toute valeur commerciale mais pourtant fonctionnels ? Voici nos missions : trouver des lieux d\u2019accueil pour ces pianos \u00ab \u00e0 la retraite \u00bb, des lieux o\u00f9 &#8230; <a title=\"Conf\u00e9rence d\u2019Unissons au congr\u00e8s Europiano France\" class=\"read-more\" href=\"https:\/\/unissons.art\/?p=923\">Lire la suite<span class=\"screen-reader-text\">Conf\u00e9rence d\u2019Unissons au congr\u00e8s Europiano France<\/span><\/a><\/p>\n","protected":false},"author":1,"featured_media":925,"comment_status":"closed","ping_status":"open","sticky":false,"template":"","format":"standard","meta":{"footnotes":""},"categories":[2],"tags":[],"class_list":["post-923","post","type-post","status-publish","format-standard","has-post-thumbnail","hentry","category-actualites"],"_links":{"self":[{"href":"https:\/\/unissons.art\/index.php?rest_route=\/wp\/v2\/posts\/923","targetHints":{"allow":["GET"]}}],"collection":[{"href":"https:\/\/unissons.art\/index.php?rest_route=\/wp\/v2\/posts"}],"about":[{"href":"https:\/\/unissons.art\/index.php?rest_route=\/wp\/v2\/types\/post"}],"author":[{"embeddable":true,"href":"https:\/\/unissons.art\/index.php?rest_route=\/wp\/v2\/users\/1"}],"replies":[{"embeddable":true,"href":"https:\/\/unissons.art\/index.php?rest_route=%2Fwp%2Fv2%2Fcomments&post=923"}],"version-history":[{"count":1,"href":"https:\/\/unissons.art\/index.php?rest_route=\/wp\/v2\/posts\/923\/revisions"}],"predecessor-version":[{"id":926,"href":"https:\/\/unissons.art\/index.php?rest_route=\/wp\/v2\/posts\/923\/revisions\/926"}],"wp:featuredmedia":[{"embeddable":true,"href":"https:\/\/unissons.art\/index.php?rest_route=\/wp\/v2\/media\/925"}],"wp:attachment":[{"href":"https:\/\/unissons.art\/index.php?rest_route=%2Fwp%2Fv2%2Fmedia&parent=923"}],"wp:term":[{"taxonomy":"category","embeddable":true,"href":"https:\/\/unissons.art\/index.php?rest_route=%2Fwp%2Fv2%2Fcategories&post=923"},{"taxonomy":"post_tag","embeddable":true,"href":"https:\/\/unissons.art\/index.php?rest_route=%2Fwp%2Fv2%2Ftags&post=923"}],"curies":[{"name":"wp","href":"https:\/\/api.w.org\/{rel}","templated":true}]}}