{"id":870,"date":"2023-04-19T18:48:48","date_gmt":"2023-04-19T16:48:48","guid":{"rendered":"https:\/\/unissons.art\/?p=870"},"modified":"2023-04-24T19:11:50","modified_gmt":"2023-04-24T17:11:50","slug":"au-pont-du-routoir-un-piano-pour-le-centre-social","status":"publish","type":"post","link":"https:\/\/unissons.art\/?p=870","title":{"rendered":"Au Pont du Routoir, un piano pour le Centre Social"},"content":{"rendered":"\n<p>Le Centre Social du quartier \u00ab le Pont du Routoir \u00bb \u00e0 Guyancourt (78) accueille d\u00e9sormais un piano droit dans la salle polyvalente. Pour l&rsquo;anecdote, c&rsquo;est le quartier o\u00f9 Unissons a \u00e9t\u00e9 fond\u00e9.<\/p>\n\n\n\n<p>Le centre organise r\u00e9guli\u00e8rement des ateliers d&rsquo;\u00e9veil musical pour les 0-5 ans et est d\u00e9j\u00e0 partenaire du projet DEMOS. <\/p>\n\n\n\n<p>Le piano sera utilis\u00e9 par un public vari\u00e9 : enfant d\u2019\u00e2ge \u00e9l\u00e9mentaire, coll\u00e9giens, adultes et s\u00e9niors, voire des professionnels du secteur. <\/p>\n\n\n\n<p>Un grand merci \u00e0 Didier de Marly-le-Roi pour le don de son instrument.<\/p>\n\n\n\n<ul class=\"wp-block-gallery columns-2 is-cropped wp-block-gallery-1 is-layout-flex wp-block-gallery-is-layout-flex\"><li class=\"blocks-gallery-item\"><figure><img loading=\"lazy\" decoding=\"async\" width=\"1024\" height=\"768\" src=\"https:\/\/unissons.art\/wp-content\/uploads\/2023\/04\/Pont_du_routoir1-1024x768.jpg\" alt=\"\" data-id=\"871\" data-link=\"https:\/\/unissons.art\/?attachment_id=871#main\" class=\"wp-image-871\" srcset=\"https:\/\/unissons.art\/wp-content\/uploads\/2023\/04\/Pont_du_routoir1-1024x768.jpg 1024w, https:\/\/unissons.art\/wp-content\/uploads\/2023\/04\/Pont_du_routoir1-300x225.jpg 300w, https:\/\/unissons.art\/wp-content\/uploads\/2023\/04\/Pont_du_routoir1-768x576.jpg 768w, https:\/\/unissons.art\/wp-content\/uploads\/2023\/04\/Pont_du_routoir1.jpg 1500w\" sizes=\"auto, (max-width: 1024px) 100vw, 1024px\" \/><\/figure><\/li><li class=\"blocks-gallery-item\"><figure><img loading=\"lazy\" decoding=\"async\" width=\"1024\" height=\"768\" src=\"https:\/\/unissons.art\/wp-content\/uploads\/2023\/04\/Pont_du_routoir2-1024x768.jpg\" alt=\"\" data-id=\"872\" data-link=\"https:\/\/unissons.art\/?attachment_id=872#main\" class=\"wp-image-872\" srcset=\"https:\/\/unissons.art\/wp-content\/uploads\/2023\/04\/Pont_du_routoir2-1024x768.jpg 1024w, https:\/\/unissons.art\/wp-content\/uploads\/2023\/04\/Pont_du_routoir2-300x225.jpg 300w, https:\/\/unissons.art\/wp-content\/uploads\/2023\/04\/Pont_du_routoir2-768x576.jpg 768w, https:\/\/unissons.art\/wp-content\/uploads\/2023\/04\/Pont_du_routoir2.jpg 1500w\" sizes=\"auto, (max-width: 1024px) 100vw, 1024px\" \/><\/figure><\/li><\/ul>\n","protected":false},"excerpt":{"rendered":"<p>Le Centre Social du quartier \u00ab le Pont du Routoir \u00bb \u00e0 Guyancourt (78) accueille d\u00e9sormais un piano droit dans la salle polyvalente. Pour l&rsquo;anecdote, c&rsquo;est le quartier o\u00f9 Unissons a \u00e9t\u00e9 fond\u00e9. Le centre organise r\u00e9guli\u00e8rement des ateliers d&rsquo;\u00e9veil musical pour les 0-5 ans et est d\u00e9j\u00e0 partenaire du projet DEMOS. Le piano sera &#8230; <a title=\"Au Pont du Routoir, un piano pour le Centre Social\" class=\"read-more\" href=\"https:\/\/unissons.art\/?p=870\">Lire la suite<span class=\"screen-reader-text\">Au Pont du Routoir, un piano pour le Centre Social<\/span><\/a><\/p>\n","protected":false},"author":1,"featured_media":872,"comment_status":"closed","ping_status":"open","sticky":false,"template":"","format":"standard","meta":{"footnotes":""},"categories":[2],"tags":[],"class_list":["post-870","post","type-post","status-publish","format-standard","has-post-thumbnail","hentry","category-actualites"],"_links":{"self":[{"href":"https:\/\/unissons.art\/index.php?rest_route=\/wp\/v2\/posts\/870","targetHints":{"allow":["GET"]}}],"collection":[{"href":"https:\/\/unissons.art\/index.php?rest_route=\/wp\/v2\/posts"}],"about":[{"href":"https:\/\/unissons.art\/index.php?rest_route=\/wp\/v2\/types\/post"}],"author":[{"embeddable":true,"href":"https:\/\/unissons.art\/index.php?rest_route=\/wp\/v2\/users\/1"}],"replies":[{"embeddable":true,"href":"https:\/\/unissons.art\/index.php?rest_route=%2Fwp%2Fv2%2Fcomments&post=870"}],"version-history":[{"count":1,"href":"https:\/\/unissons.art\/index.php?rest_route=\/wp\/v2\/posts\/870\/revisions"}],"predecessor-version":[{"id":873,"href":"https:\/\/unissons.art\/index.php?rest_route=\/wp\/v2\/posts\/870\/revisions\/873"}],"wp:featuredmedia":[{"embeddable":true,"href":"https:\/\/unissons.art\/index.php?rest_route=\/wp\/v2\/media\/872"}],"wp:attachment":[{"href":"https:\/\/unissons.art\/index.php?rest_route=%2Fwp%2Fv2%2Fmedia&parent=870"}],"wp:term":[{"taxonomy":"category","embeddable":true,"href":"https:\/\/unissons.art\/index.php?rest_route=%2Fwp%2Fv2%2Fcategories&post=870"},{"taxonomy":"post_tag","embeddable":true,"href":"https:\/\/unissons.art\/index.php?rest_route=%2Fwp%2Fv2%2Ftags&post=870"}],"curies":[{"name":"wp","href":"https:\/\/api.w.org\/{rel}","templated":true}]}}