{"id":861,"date":"2023-04-15T11:27:25","date_gmt":"2023-04-15T09:27:25","guid":{"rendered":"https:\/\/unissons.art\/?p=861"},"modified":"2023-04-20T21:42:06","modified_gmt":"2023-04-20T19:42:06","slug":"notre-premier-piano-dans-une-creche-2","status":"publish","type":"post","link":"https:\/\/unissons.art\/?p=861","title":{"rendered":"Notre premier piano dans une cr\u00e8che !"},"content":{"rendered":"\n<p>La cr\u00e8che \u00ab&nbsp;<a href=\"https:\/\/www.ville-laverriere.com\/services-et-demarches\/petite-enfance\/la-creche-municipale-larche-des-noes\" target=\"_blank\" rel=\"noreferrer noopener\" aria-label=\"l\u2019Arche des No\u00ebs (s\u2019ouvre dans un nouvel onglet)\">l\u2019Arche des No\u00ebs<\/a>&nbsp;\u00bb de la Verri\u00e8re a r\u00e9cup\u00e9r\u00e9 un beau piano droit de 1997 aujourd\u2019hui au local d\u2019Unissons.<br><\/p>\n\n\n\n<p>Install\u00e9 dans le hall d&rsquo;entr\u00e9e, le piano favorisera des temps individuels entre parents et enfants \u00e0 l&rsquo;accueil et lors des retrouvailles. Les parents pianistes pourront aussi jouer le matin (la directrice actuelle avait d\u00e9j\u00e0 mont\u00e9 ce projet dans une autre commune).<\/p>\n\n\n\n<p>Merci \u00e0 Nadine de Paris 7 pour ce tr\u00e8s beau don (qui date de novembre 2022).&nbsp;<\/p>\n\n\n\n<div class=\"wp-block-image\"><figure class=\"aligncenter\"><img loading=\"lazy\" decoding=\"async\" width=\"640\" height=\"640\" src=\"https:\/\/unissons.art\/wp-content\/uploads\/2023\/04\/65F032C4-A1AB-4896-87C2-4B5A21C3E78C.jpeg\" alt=\"\" class=\"wp-image-859\" srcset=\"https:\/\/unissons.art\/wp-content\/uploads\/2023\/04\/65F032C4-A1AB-4896-87C2-4B5A21C3E78C.jpeg 640w, https:\/\/unissons.art\/wp-content\/uploads\/2023\/04\/65F032C4-A1AB-4896-87C2-4B5A21C3E78C-150x150.jpeg 150w, https:\/\/unissons.art\/wp-content\/uploads\/2023\/04\/65F032C4-A1AB-4896-87C2-4B5A21C3E78C-300x300.jpeg 300w\" sizes=\"auto, (max-width: 640px) 100vw, 640px\" \/><\/figure><\/div>\n\n\n\n<figure class=\"wp-block-image\"><img loading=\"lazy\" decoding=\"async\" width=\"1024\" height=\"1024\" src=\"https:\/\/unissons.art\/wp-content\/uploads\/2023\/04\/creche-la-Verriere-1024x1024.jpg\" alt=\"\" class=\"wp-image-864\" srcset=\"https:\/\/unissons.art\/wp-content\/uploads\/2023\/04\/creche-la-Verriere-1024x1024.jpg 1024w, https:\/\/unissons.art\/wp-content\/uploads\/2023\/04\/creche-la-Verriere-150x150.jpg 150w, https:\/\/unissons.art\/wp-content\/uploads\/2023\/04\/creche-la-Verriere-300x300.jpg 300w, https:\/\/unissons.art\/wp-content\/uploads\/2023\/04\/creche-la-Verriere-768x768.jpg 768w, https:\/\/unissons.art\/wp-content\/uploads\/2023\/04\/creche-la-Verriere.jpg 1536w\" sizes=\"auto, (max-width: 1024px) 100vw, 1024px\" \/><\/figure>\n","protected":false},"excerpt":{"rendered":"<p>La cr\u00e8che \u00ab&nbsp;l\u2019Arche des No\u00ebs&nbsp;\u00bb de la Verri\u00e8re a r\u00e9cup\u00e9r\u00e9 un beau piano droit de 1997 aujourd\u2019hui au local d\u2019Unissons. Install\u00e9 dans le hall d&rsquo;entr\u00e9e, le piano favorisera des temps individuels entre parents et enfants \u00e0 l&rsquo;accueil et lors des retrouvailles. Les parents pianistes pourront aussi jouer le matin (la directrice actuelle avait d\u00e9j\u00e0 mont\u00e9 &#8230; <a title=\"Notre premier piano dans une cr\u00e8che !\" class=\"read-more\" href=\"https:\/\/unissons.art\/?p=861\">Lire la suite<span class=\"screen-reader-text\">Notre premier piano dans une cr\u00e8che !<\/span><\/a><\/p>\n","protected":false},"author":1,"featured_media":864,"comment_status":"closed","ping_status":"open","sticky":false,"template":"","format":"standard","meta":{"footnotes":""},"categories":[2],"tags":[],"class_list":["post-861","post","type-post","status-publish","format-standard","has-post-thumbnail","hentry","category-actualites"],"_links":{"self":[{"href":"https:\/\/unissons.art\/index.php?rest_route=\/wp\/v2\/posts\/861","targetHints":{"allow":["GET"]}}],"collection":[{"href":"https:\/\/unissons.art\/index.php?rest_route=\/wp\/v2\/posts"}],"about":[{"href":"https:\/\/unissons.art\/index.php?rest_route=\/wp\/v2\/types\/post"}],"author":[{"embeddable":true,"href":"https:\/\/unissons.art\/index.php?rest_route=\/wp\/v2\/users\/1"}],"replies":[{"embeddable":true,"href":"https:\/\/unissons.art\/index.php?rest_route=%2Fwp%2Fv2%2Fcomments&post=861"}],"version-history":[{"count":3,"href":"https:\/\/unissons.art\/index.php?rest_route=\/wp\/v2\/posts\/861\/revisions"}],"predecessor-version":[{"id":867,"href":"https:\/\/unissons.art\/index.php?rest_route=\/wp\/v2\/posts\/861\/revisions\/867"}],"wp:featuredmedia":[{"embeddable":true,"href":"https:\/\/unissons.art\/index.php?rest_route=\/wp\/v2\/media\/864"}],"wp:attachment":[{"href":"https:\/\/unissons.art\/index.php?rest_route=%2Fwp%2Fv2%2Fmedia&parent=861"}],"wp:term":[{"taxonomy":"category","embeddable":true,"href":"https:\/\/unissons.art\/index.php?rest_route=%2Fwp%2Fv2%2Fcategories&post=861"},{"taxonomy":"post_tag","embeddable":true,"href":"https:\/\/unissons.art\/index.php?rest_route=%2Fwp%2Fv2%2Ftags&post=861"}],"curies":[{"name":"wp","href":"https:\/\/api.w.org\/{rel}","templated":true}]}}