{"id":711,"date":"2022-07-13T15:40:58","date_gmt":"2022-07-13T13:40:58","guid":{"rendered":"https:\/\/unissons.art\/?p=711"},"modified":"2022-07-13T15:42:33","modified_gmt":"2022-07-13T13:42:33","slug":"francois-rabelais-se-met-au-piano","status":"publish","type":"post","link":"https:\/\/unissons.art\/?p=711","title":{"rendered":"Fran\u00e7ois Rabelais se met au piano !"},"content":{"rendered":"\n<p>La m\u00e9diath\u00e8que Fran\u00e7ois Rabelais de Gennevilliers (92) a re\u00e7u un piano Leguerinais. <br><br>Positionn\u00e9 au rayon de la musique classique, il devrait, sans nul doute, susciter l\u2019int\u00e9r\u00eat pour la pratique musicale amateur des usager\u00b7e\u00b7s de la m\u00e9diath\u00e8que. <br><br>Merci \u00e0 Mourad pour la concr\u00e9tisation du projet et bien s\u00fbr \u00e0 la donatrice de l\u2019instrument !<\/p>\n\n\n\n<figure class=\"wp-block-image\"><img loading=\"lazy\" decoding=\"async\" width=\"1024\" height=\"768\" src=\"https:\/\/unissons.art\/wp-content\/uploads\/2022\/07\/B86B32F7-420B-4AD6-93B2-5DECCDC0C03E-1024x768.jpeg\" alt=\"\" class=\"wp-image-712\" srcset=\"https:\/\/unissons.art\/wp-content\/uploads\/2022\/07\/B86B32F7-420B-4AD6-93B2-5DECCDC0C03E-1024x768.jpeg 1024w, https:\/\/unissons.art\/wp-content\/uploads\/2022\/07\/B86B32F7-420B-4AD6-93B2-5DECCDC0C03E-300x225.jpeg 300w, https:\/\/unissons.art\/wp-content\/uploads\/2022\/07\/B86B32F7-420B-4AD6-93B2-5DECCDC0C03E-768x576.jpeg 768w, https:\/\/unissons.art\/wp-content\/uploads\/2022\/07\/B86B32F7-420B-4AD6-93B2-5DECCDC0C03E.jpeg 1280w\" sizes=\"auto, (max-width: 1024px) 100vw, 1024px\" \/><\/figure>\n","protected":false},"excerpt":{"rendered":"<p>La m\u00e9diath\u00e8que Fran\u00e7ois Rabelais de Gennevilliers (92) a re\u00e7u un piano Leguerinais. Positionn\u00e9 au rayon de la musique classique, il devrait, sans nul doute, susciter l\u2019int\u00e9r\u00eat pour la pratique musicale amateur des usager\u00b7e\u00b7s de la m\u00e9diath\u00e8que. Merci \u00e0 Mourad pour la concr\u00e9tisation du projet et bien s\u00fbr \u00e0 la donatrice de l\u2019instrument !<\/p>\n","protected":false},"author":1,"featured_media":712,"comment_status":"closed","ping_status":"open","sticky":false,"template":"","format":"standard","meta":{"footnotes":""},"categories":[2],"tags":[],"class_list":["post-711","post","type-post","status-publish","format-standard","has-post-thumbnail","hentry","category-actualites"],"_links":{"self":[{"href":"https:\/\/unissons.art\/index.php?rest_route=\/wp\/v2\/posts\/711","targetHints":{"allow":["GET"]}}],"collection":[{"href":"https:\/\/unissons.art\/index.php?rest_route=\/wp\/v2\/posts"}],"about":[{"href":"https:\/\/unissons.art\/index.php?rest_route=\/wp\/v2\/types\/post"}],"author":[{"embeddable":true,"href":"https:\/\/unissons.art\/index.php?rest_route=\/wp\/v2\/users\/1"}],"replies":[{"embeddable":true,"href":"https:\/\/unissons.art\/index.php?rest_route=%2Fwp%2Fv2%2Fcomments&post=711"}],"version-history":[{"count":1,"href":"https:\/\/unissons.art\/index.php?rest_route=\/wp\/v2\/posts\/711\/revisions"}],"predecessor-version":[{"id":713,"href":"https:\/\/unissons.art\/index.php?rest_route=\/wp\/v2\/posts\/711\/revisions\/713"}],"wp:featuredmedia":[{"embeddable":true,"href":"https:\/\/unissons.art\/index.php?rest_route=\/wp\/v2\/media\/712"}],"wp:attachment":[{"href":"https:\/\/unissons.art\/index.php?rest_route=%2Fwp%2Fv2%2Fmedia&parent=711"}],"wp:term":[{"taxonomy":"category","embeddable":true,"href":"https:\/\/unissons.art\/index.php?rest_route=%2Fwp%2Fv2%2Fcategories&post=711"},{"taxonomy":"post_tag","embeddable":true,"href":"https:\/\/unissons.art\/index.php?rest_route=%2Fwp%2Fv2%2Ftags&post=711"}],"curies":[{"name":"wp","href":"https:\/\/api.w.org\/{rel}","templated":true}]}}