{"id":582,"date":"2021-10-28T10:17:25","date_gmt":"2021-10-28T08:17:25","guid":{"rendered":"https:\/\/unissons.art\/?p=582"},"modified":"2021-10-28T10:22:49","modified_gmt":"2021-10-28T08:22:49","slug":"les-cagnottes","status":"publish","type":"post","link":"https:\/\/unissons.art\/?p=582","title":{"rendered":"Les cagnottes"},"content":{"rendered":"\n<p> La cagnotte pour l&rsquo;EHPAD Sara Weill-Raynal aura r\u00e9colt\u00e9 200\u20ac, permettant le financement d&rsquo;un accord et le remboursement partiel du transport. Un grand merci ! \u00c0 cette occasion, Unissons a mis en place deux adresses simples pour les collectes : <\/p>\n\n\n\n<ul class=\"wp-block-list\"><li><a href=\"http:\/\/unissons.art\/don\">unissons.art\/don<\/a> pour les projets particuliers (lorsqu&rsquo;ils ont lieu) <\/li><li><a href=\"http:\/\/unissons.art\/merci\">unissons.art\/merci<\/a> pour les \u201cpourboires\u201d, petits dons servant \u00e0 notre fonctionnement g\u00e9n\u00e9ral <\/li><\/ul>\n\n\n\n<figure class=\"wp-block-image\"><img loading=\"lazy\" decoding=\"async\" width=\"1024\" height=\"1024\" src=\"https:\/\/unissons.art\/wp-content\/uploads\/2021\/10\/cagnottes-1024x1024.png\" alt=\"\" class=\"wp-image-585\" srcset=\"https:\/\/unissons.art\/wp-content\/uploads\/2021\/10\/cagnottes-1024x1024.png 1024w, https:\/\/unissons.art\/wp-content\/uploads\/2021\/10\/cagnottes-150x150.png 150w, https:\/\/unissons.art\/wp-content\/uploads\/2021\/10\/cagnottes-300x300.png 300w, https:\/\/unissons.art\/wp-content\/uploads\/2021\/10\/cagnottes-768x768.png 768w, https:\/\/unissons.art\/wp-content\/uploads\/2021\/10\/cagnottes.png 1080w\" sizes=\"auto, (max-width: 1024px) 100vw, 1024px\" \/><\/figure>\n","protected":false},"excerpt":{"rendered":"<p>La cagnotte pour l&rsquo;EHPAD Sara Weill-Raynal aura r\u00e9colt\u00e9 200\u20ac, permettant le financement d&rsquo;un accord et le remboursement partiel du transport. Un grand merci ! \u00c0 cette occasion, Unissons a mis en place deux adresses simples pour les collectes : unissons.art\/don pour les projets particuliers (lorsqu&rsquo;ils ont lieu) unissons.art\/merci pour les \u201cpourboires\u201d, petits dons servant \u00e0 &#8230; <a title=\"Les cagnottes\" class=\"read-more\" href=\"https:\/\/unissons.art\/?p=582\">Lire la suite<span class=\"screen-reader-text\">Les cagnottes<\/span><\/a><\/p>\n","protected":false},"author":1,"featured_media":585,"comment_status":"closed","ping_status":"open","sticky":false,"template":"","format":"standard","meta":{"footnotes":""},"categories":[2],"tags":[],"class_list":["post-582","post","type-post","status-publish","format-standard","has-post-thumbnail","hentry","category-actualites"],"_links":{"self":[{"href":"https:\/\/unissons.art\/index.php?rest_route=\/wp\/v2\/posts\/582","targetHints":{"allow":["GET"]}}],"collection":[{"href":"https:\/\/unissons.art\/index.php?rest_route=\/wp\/v2\/posts"}],"about":[{"href":"https:\/\/unissons.art\/index.php?rest_route=\/wp\/v2\/types\/post"}],"author":[{"embeddable":true,"href":"https:\/\/unissons.art\/index.php?rest_route=\/wp\/v2\/users\/1"}],"replies":[{"embeddable":true,"href":"https:\/\/unissons.art\/index.php?rest_route=%2Fwp%2Fv2%2Fcomments&post=582"}],"version-history":[{"count":3,"href":"https:\/\/unissons.art\/index.php?rest_route=\/wp\/v2\/posts\/582\/revisions"}],"predecessor-version":[{"id":587,"href":"https:\/\/unissons.art\/index.php?rest_route=\/wp\/v2\/posts\/582\/revisions\/587"}],"wp:featuredmedia":[{"embeddable":true,"href":"https:\/\/unissons.art\/index.php?rest_route=\/wp\/v2\/media\/585"}],"wp:attachment":[{"href":"https:\/\/unissons.art\/index.php?rest_route=%2Fwp%2Fv2%2Fmedia&parent=582"}],"wp:term":[{"taxonomy":"category","embeddable":true,"href":"https:\/\/unissons.art\/index.php?rest_route=%2Fwp%2Fv2%2Fcategories&post=582"},{"taxonomy":"post_tag","embeddable":true,"href":"https:\/\/unissons.art\/index.php?rest_route=%2Fwp%2Fv2%2Ftags&post=582"}],"curies":[{"name":"wp","href":"https:\/\/api.w.org\/{rel}","templated":true}]}}