{"id":232,"date":"2019-10-09T12:14:04","date_gmt":"2019-10-09T10:14:04","guid":{"rendered":"https:\/\/unissons.art\/?p=232"},"modified":"2019-11-23T19:30:02","modified_gmt":"2019-11-23T18:30:02","slug":"la-fete-des-possibles-a-montigny-bretonneux","status":"publish","type":"post","link":"https:\/\/unissons.art\/?p=232","title":{"rendered":"F\u00eate des possibles \u00e0 Montigny-Bretonneux"},"content":{"rendered":"\n<p>Partageant le stand avec l&rsquo;association <em>D\u00e9dale<\/em>, voisin d&rsquo;<em>Artisans du monde<\/em> et des <em>Jeunes pour le Climat<\/em>, l&rsquo;association Unissons a mis \u00e0 disposition un piano toute la journ\u00e9e lors de la F\u00eate des Possibles \u00e0 Montigny-le-Bretonneux<\/p>\n\n\n\n<figure class=\"wp-block-embed-youtube wp-block-embed is-type-video is-provider-youtube wp-embed-aspect-16-9 wp-has-aspect-ratio\"><div class=\"wp-block-embed__wrapper\">\n<iframe loading=\"lazy\" width=\"1200\" height=\"675\" src=\"https:\/\/www.youtube.com\/embed\/7BYt5QmdmRk?feature=oembed\" frameborder=\"0\" allow=\"accelerometer; autoplay; encrypted-media; gyroscope; picture-in-picture\" allowfullscreen><\/iframe>\n<\/div><\/figure>\n\n\n\n<p><\/p>\n","protected":false},"excerpt":{"rendered":"<p>Partageant le stand avec l&rsquo;association D\u00e9dale, voisin d&rsquo;Artisans du monde et des Jeunes pour le Climat, l&rsquo;association Unissons a mis \u00e0 disposition un piano toute la journ\u00e9e lors de la F\u00eate des Possibles \u00e0 Montigny-le-Bretonneux<\/p>\n","protected":false},"author":1,"featured_media":290,"comment_status":"open","ping_status":"open","sticky":false,"template":"","format":"standard","meta":{"footnotes":""},"categories":[2],"tags":[],"class_list":["post-232","post","type-post","status-publish","format-standard","has-post-thumbnail","hentry","category-actualites"],"_links":{"self":[{"href":"https:\/\/unissons.art\/index.php?rest_route=\/wp\/v2\/posts\/232","targetHints":{"allow":["GET"]}}],"collection":[{"href":"https:\/\/unissons.art\/index.php?rest_route=\/wp\/v2\/posts"}],"about":[{"href":"https:\/\/unissons.art\/index.php?rest_route=\/wp\/v2\/types\/post"}],"author":[{"embeddable":true,"href":"https:\/\/unissons.art\/index.php?rest_route=\/wp\/v2\/users\/1"}],"replies":[{"embeddable":true,"href":"https:\/\/unissons.art\/index.php?rest_route=%2Fwp%2Fv2%2Fcomments&post=232"}],"version-history":[{"count":3,"href":"https:\/\/unissons.art\/index.php?rest_route=\/wp\/v2\/posts\/232\/revisions"}],"predecessor-version":[{"id":235,"href":"https:\/\/unissons.art\/index.php?rest_route=\/wp\/v2\/posts\/232\/revisions\/235"}],"wp:featuredmedia":[{"embeddable":true,"href":"https:\/\/unissons.art\/index.php?rest_route=\/wp\/v2\/media\/290"}],"wp:attachment":[{"href":"https:\/\/unissons.art\/index.php?rest_route=%2Fwp%2Fv2%2Fmedia&parent=232"}],"wp:term":[{"taxonomy":"category","embeddable":true,"href":"https:\/\/unissons.art\/index.php?rest_route=%2Fwp%2Fv2%2Fcategories&post=232"},{"taxonomy":"post_tag","embeddable":true,"href":"https:\/\/unissons.art\/index.php?rest_route=%2Fwp%2Fv2%2Ftags&post=232"}],"curies":[{"name":"wp","href":"https:\/\/api.w.org\/{rel}","templated":true}]}}