{"id":229,"date":"2019-09-30T22:08:24","date_gmt":"2019-09-30T20:08:24","guid":{"rendered":"https:\/\/unissons.art\/?p=229"},"modified":"2019-11-23T19:30:34","modified_gmt":"2019-11-23T18:30:34","slug":"229","status":"publish","type":"post","link":"https:\/\/unissons.art\/?p=229","title":{"rendered":"Don d&rsquo;un piano au foyer des lyc\u00e9ens de Hoche"},"content":{"rendered":"\n<p>L\u2019entreprise <a href=\"https:\/\/justeunpiano.fr\/\">Juste Un Piano<\/a> \u00e0 Versailles a fait don de ce piano Rameau noir \u00e0 l\u2019association Unissons. Ce piano provenait autrefois d\u2019un conservatoire. <\/p>\n\n\n\n<p>L&rsquo;association lui a offert une seconde vie devant le foyer des lyc\u00e9ens de Hoche, \u00e0 Versailles. Ce piano est d\u00e9sormais en libre service et, d\u2019apr\u00e8s nos sources, c\u2019est un grand succ\u00e8s !<\/p>\n\n\n\n<p>Un grand merci \u00e0 l\u2019entreprise Juste Un Piano ainsi qu\u2019\u00e0 Madame Mazzia, CPE du lyc\u00e9e qui a \u0153uvr\u00e9 \u00e0 la concr\u00e9tisation du projet.<\/p>\n\n\n\n<figure class=\"wp-block-embed-youtube wp-block-embed is-type-video is-provider-youtube wp-embed-aspect-16-9 wp-has-aspect-ratio\"><div class=\"wp-block-embed__wrapper\">\n<iframe loading=\"lazy\" width=\"1200\" height=\"675\" src=\"https:\/\/www.youtube.com\/embed\/41py7nPZwHE?feature=oembed\" frameborder=\"0\" allow=\"accelerometer; autoplay; encrypted-media; gyroscope; picture-in-picture\" allowfullscreen><\/iframe>\n<\/div><\/figure>\n","protected":false},"excerpt":{"rendered":"<p>L\u2019entreprise Juste Un Piano \u00e0 Versailles a fait don de ce piano Rameau noir \u00e0 l\u2019association Unissons. Ce piano provenait autrefois d\u2019un conservatoire. L&rsquo;association lui a offert une seconde vie devant le foyer des lyc\u00e9ens de Hoche, \u00e0 Versailles. Ce piano est d\u00e9sormais en libre service et, d\u2019apr\u00e8s nos sources, c\u2019est un grand succ\u00e8s ! &#8230; <a title=\"Don d&rsquo;un piano au foyer des lyc\u00e9ens de Hoche\" class=\"read-more\" href=\"https:\/\/unissons.art\/?p=229\">Lire la suite<span class=\"screen-reader-text\">Don d&rsquo;un piano au foyer des lyc\u00e9ens de Hoche<\/span><\/a><\/p>\n","protected":false},"author":1,"featured_media":289,"comment_status":"open","ping_status":"open","sticky":false,"template":"","format":"standard","meta":{"footnotes":""},"categories":[2],"tags":[],"class_list":["post-229","post","type-post","status-publish","format-standard","has-post-thumbnail","hentry","category-actualites"],"_links":{"self":[{"href":"https:\/\/unissons.art\/index.php?rest_route=\/wp\/v2\/posts\/229","targetHints":{"allow":["GET"]}}],"collection":[{"href":"https:\/\/unissons.art\/index.php?rest_route=\/wp\/v2\/posts"}],"about":[{"href":"https:\/\/unissons.art\/index.php?rest_route=\/wp\/v2\/types\/post"}],"author":[{"embeddable":true,"href":"https:\/\/unissons.art\/index.php?rest_route=\/wp\/v2\/users\/1"}],"replies":[{"embeddable":true,"href":"https:\/\/unissons.art\/index.php?rest_route=%2Fwp%2Fv2%2Fcomments&post=229"}],"version-history":[{"count":2,"href":"https:\/\/unissons.art\/index.php?rest_route=\/wp\/v2\/posts\/229\/revisions"}],"predecessor-version":[{"id":231,"href":"https:\/\/unissons.art\/index.php?rest_route=\/wp\/v2\/posts\/229\/revisions\/231"}],"wp:featuredmedia":[{"embeddable":true,"href":"https:\/\/unissons.art\/index.php?rest_route=\/wp\/v2\/media\/289"}],"wp:attachment":[{"href":"https:\/\/unissons.art\/index.php?rest_route=%2Fwp%2Fv2%2Fmedia&parent=229"}],"wp:term":[{"taxonomy":"category","embeddable":true,"href":"https:\/\/unissons.art\/index.php?rest_route=%2Fwp%2Fv2%2Fcategories&post=229"},{"taxonomy":"post_tag","embeddable":true,"href":"https:\/\/unissons.art\/index.php?rest_route=%2Fwp%2Fv2%2Ftags&post=229"}],"curies":[{"name":"wp","href":"https:\/\/api.w.org\/{rel}","templated":true}]}}