{"id":1331,"date":"2026-01-27T21:11:00","date_gmt":"2026-01-27T20:11:00","guid":{"rendered":"https:\/\/unissons.art\/?p=1331"},"modified":"2026-01-27T22:46:09","modified_gmt":"2026-01-27T21:46:09","slug":"un-waldstein-pour-perce-neige","status":"publish","type":"post","link":"https:\/\/unissons.art\/?p=1331","title":{"rendered":"Un Waldstein pour Perce-Neige"},"content":{"rendered":"\n<p>La <a href=\"https:\/\/www.perce-neige.org\/nos-actions\/les-maisons-perce-neige\/1-ile-de-france\/maison-perce-neige-de-courbevoie\" target=\"_blank\" rel=\"noreferrer noopener\">Maison Perce-Neige de Courbevoie<\/a> a re\u00e7u aujourd\u2019hui un piano Waldstein, le 90e don pour Unissons. C\u2019est un foyer d\u2019accueil m\u00e9dicalis\u00e9 qui a pour missions d\u2019accueillir des personnes en situation de handicap.<\/p>\n\n\n\n<p>Le piano sera utilis\u00e9 pour des petits concerts, des ateliers de danse et de musique.<\/p>\n\n\n\n<p>La Fondation Perce-Neige a fond\u00e9e par l\u2019acteur Lino Ventura et sa femme Odette en 1966.<\/p>\n\n\n\n<p>Merci \u00e0 Elsa, chercheuse en danse musique et handicap, formatrice et chor\u00e9graphe, \u00e0 l\u2019initiative du projet.<\/p>\n\n\n\n<p>Et un grand merci \u00e0 C\u00e9cile de Paris 13 pour le don de l\u2019instrument.<\/p>\n\n\n<div class=\"wp-block-image\">\n<figure class=\"aligncenter size-medium\"><img loading=\"lazy\" decoding=\"async\" width=\"300\" height=\"300\" src=\"https:\/\/unissons.art\/wp-content\/uploads\/2026\/01\/perce-neige-2026-300x300.jpg\" alt=\"\" class=\"wp-image-1332\" srcset=\"https:\/\/unissons.art\/wp-content\/uploads\/2026\/01\/perce-neige-2026-300x300.jpg 300w, https:\/\/unissons.art\/wp-content\/uploads\/2026\/01\/perce-neige-2026-1024x1024.jpg 1024w, https:\/\/unissons.art\/wp-content\/uploads\/2026\/01\/perce-neige-2026-150x150.jpg 150w, https:\/\/unissons.art\/wp-content\/uploads\/2026\/01\/perce-neige-2026-768x768.jpg 768w, https:\/\/unissons.art\/wp-content\/uploads\/2026\/01\/perce-neige-2026.jpg 1200w\" sizes=\"auto, (max-width: 300px) 100vw, 300px\" \/><\/figure><\/div>","protected":false},"excerpt":{"rendered":"<p>La Maison Perce-Neige de Courbevoie a re\u00e7u aujourd\u2019hui un piano Waldstein, le 90e don pour Unissons. C\u2019est un foyer d\u2019accueil m\u00e9dicalis\u00e9 qui a pour missions d\u2019accueillir des personnes en situation de handicap. Le piano sera utilis\u00e9 pour des petits concerts, des ateliers de danse et de musique. La Fondation Perce-Neige a fond\u00e9e par l\u2019acteur Lino &#8230; <a title=\"Un Waldstein pour Perce-Neige\" class=\"read-more\" href=\"https:\/\/unissons.art\/?p=1331\">Lire la suite<span class=\"screen-reader-text\">Un Waldstein pour Perce-Neige<\/span><\/a><\/p>\n","protected":false},"author":1,"featured_media":1332,"comment_status":"closed","ping_status":"open","sticky":false,"template":"","format":"standard","meta":{"footnotes":""},"categories":[2],"tags":[],"class_list":["post-1331","post","type-post","status-publish","format-standard","has-post-thumbnail","hentry","category-actualites"],"_links":{"self":[{"href":"https:\/\/unissons.art\/index.php?rest_route=\/wp\/v2\/posts\/1331","targetHints":{"allow":["GET"]}}],"collection":[{"href":"https:\/\/unissons.art\/index.php?rest_route=\/wp\/v2\/posts"}],"about":[{"href":"https:\/\/unissons.art\/index.php?rest_route=\/wp\/v2\/types\/post"}],"author":[{"embeddable":true,"href":"https:\/\/unissons.art\/index.php?rest_route=\/wp\/v2\/users\/1"}],"replies":[{"embeddable":true,"href":"https:\/\/unissons.art\/index.php?rest_route=%2Fwp%2Fv2%2Fcomments&post=1331"}],"version-history":[{"count":2,"href":"https:\/\/unissons.art\/index.php?rest_route=\/wp\/v2\/posts\/1331\/revisions"}],"predecessor-version":[{"id":1334,"href":"https:\/\/unissons.art\/index.php?rest_route=\/wp\/v2\/posts\/1331\/revisions\/1334"}],"wp:featuredmedia":[{"embeddable":true,"href":"https:\/\/unissons.art\/index.php?rest_route=\/wp\/v2\/media\/1332"}],"wp:attachment":[{"href":"https:\/\/unissons.art\/index.php?rest_route=%2Fwp%2Fv2%2Fmedia&parent=1331"}],"wp:term":[{"taxonomy":"category","embeddable":true,"href":"https:\/\/unissons.art\/index.php?rest_route=%2Fwp%2Fv2%2Fcategories&post=1331"},{"taxonomy":"post_tag","embeddable":true,"href":"https:\/\/unissons.art\/index.php?rest_route=%2Fwp%2Fv2%2Ftags&post=1331"}],"curies":[{"name":"wp","href":"https:\/\/api.w.org\/{rel}","templated":true}]}}