{"id":1035,"date":"2024-01-10T19:13:16","date_gmt":"2024-01-10T18:13:16","guid":{"rendered":"https:\/\/unissons.art\/?p=1035"},"modified":"2024-01-15T19:18:20","modified_gmt":"2024-01-15T18:18:20","slug":"la-pause-musicale-recoit-le-60e-don","status":"publish","type":"post","link":"https:\/\/unissons.art\/?p=1035","title":{"rendered":"La Pause Musicale re\u00e7oit le 60e don"},"content":{"rendered":"\n<p>\u00c0 La Pause Musicale, un nouveau piano est venu remplacer un instrument vieillissant. Il s\u2019agit d\u2019un piano droit noir poli Seidl &amp; Sohn mod\u00e8le 109 n\u00b0468 avec banquette, achet\u00e9 neuf en 1997.<\/p>\n\n\n\n<p>Cette \u00e9cole de musique est bas\u00e9e dans le 91, \u00e0 la Fert\u00e9 Alais, et est \u00e0 but non lucratif. <\/p>\n\n\n\n<p>Un grand merci \u00e0 V\u00e9ronique d\u2019Issy-les-Moulineaux pour ce tr\u00e8s beau don, qui est notre 60e piano redistribu\u00e9. <\/p>\n\n\n\n<p>Une jolie citation issue du <a href=\"http:\/\/lapausemusicale91.com\/\">site web de La Pause Musicale<\/a> illustrerait la philosophie d\u2019Unissons :<\/p>\n\n\n\n<p><em>\u00ab&nbsp;Si je devais enseigner \u00e0 un enfant la beaut\u00e9 de la musique je ne commencerais pas avec des partitions, des notes et des port\u00e9es. Nous \u00e9couterions ensemble les m\u00e9lodies les plus douces et je lui parlerais des instruments qui font la musique. Puis, enchant\u00e9 par la beaut\u00e9 de la musique, il me demanderait de lui apprendre le myst\u00e8re de ces points noirs \u00e9crits sur cinq lignes. Parce que les points noirs et les cinq lignes ne sont que des outils de production de beaut\u00e9 musicale. L&rsquo;exp\u00e9rience de la beaut\u00e9 doit venir en premier.&nbsp;\u00bb<\/em> Rubem Alves.<\/p>\n\n\n\n<ul class=\"wp-block-gallery columns-2 is-cropped wp-block-gallery-1 is-layout-flex wp-block-gallery-is-layout-flex\"><li class=\"blocks-gallery-item\"><figure><img loading=\"lazy\" decoding=\"async\" width=\"1024\" height=\"1024\" src=\"https:\/\/unissons.art\/wp-content\/uploads\/2024\/01\/pause_musicale-60e-don-1024x1024.jpg\" alt=\"\" data-id=\"1038\" data-link=\"https:\/\/unissons.art\/?attachment_id=1038#main\" class=\"wp-image-1038\" srcset=\"https:\/\/unissons.art\/wp-content\/uploads\/2024\/01\/pause_musicale-60e-don-1024x1024.jpg 1024w, https:\/\/unissons.art\/wp-content\/uploads\/2024\/01\/pause_musicale-60e-don-150x150.jpg 150w, https:\/\/unissons.art\/wp-content\/uploads\/2024\/01\/pause_musicale-60e-don-300x300.jpg 300w, https:\/\/unissons.art\/wp-content\/uploads\/2024\/01\/pause_musicale-60e-don-768x768.jpg 768w, https:\/\/unissons.art\/wp-content\/uploads\/2024\/01\/pause_musicale-60e-don.jpg 1080w\" sizes=\"auto, (max-width: 1024px) 100vw, 1024px\" \/><\/figure><\/li><li class=\"blocks-gallery-item\"><figure><img loading=\"lazy\" decoding=\"async\" width=\"475\" height=\"475\" src=\"https:\/\/unissons.art\/wp-content\/uploads\/2024\/01\/pause_musicale-piano-gros_plan.png\" alt=\"\" data-id=\"1037\" data-link=\"https:\/\/unissons.art\/?attachment_id=1037#main\" class=\"wp-image-1037\" srcset=\"https:\/\/unissons.art\/wp-content\/uploads\/2024\/01\/pause_musicale-piano-gros_plan.png 475w, https:\/\/unissons.art\/wp-content\/uploads\/2024\/01\/pause_musicale-piano-gros_plan-150x150.png 150w, https:\/\/unissons.art\/wp-content\/uploads\/2024\/01\/pause_musicale-piano-gros_plan-300x300.png 300w\" sizes=\"auto, (max-width: 475px) 100vw, 475px\" \/><\/figure><\/li><\/ul>\n","protected":false},"excerpt":{"rendered":"<p>\u00c0 La Pause Musicale, un nouveau piano est venu remplacer un instrument vieillissant. Il s\u2019agit d\u2019un piano droit noir poli Seidl &amp; Sohn mod\u00e8le 109 n\u00b0468 avec banquette, achet\u00e9 neuf en 1997. Cette \u00e9cole de musique est bas\u00e9e dans le 91, \u00e0 la Fert\u00e9 Alais, et est \u00e0 but non lucratif. Un grand merci \u00e0 &#8230; <a title=\"La Pause Musicale re\u00e7oit le 60e don\" class=\"read-more\" href=\"https:\/\/unissons.art\/?p=1035\">Lire la suite<span class=\"screen-reader-text\">La Pause Musicale re\u00e7oit le 60e don<\/span><\/a><\/p>\n","protected":false},"author":1,"featured_media":1038,"comment_status":"closed","ping_status":"open","sticky":false,"template":"","format":"standard","meta":{"footnotes":""},"categories":[2],"tags":[],"class_list":["post-1035","post","type-post","status-publish","format-standard","has-post-thumbnail","hentry","category-actualites"],"_links":{"self":[{"href":"https:\/\/unissons.art\/index.php?rest_route=\/wp\/v2\/posts\/1035","targetHints":{"allow":["GET"]}}],"collection":[{"href":"https:\/\/unissons.art\/index.php?rest_route=\/wp\/v2\/posts"}],"about":[{"href":"https:\/\/unissons.art\/index.php?rest_route=\/wp\/v2\/types\/post"}],"author":[{"embeddable":true,"href":"https:\/\/unissons.art\/index.php?rest_route=\/wp\/v2\/users\/1"}],"replies":[{"embeddable":true,"href":"https:\/\/unissons.art\/index.php?rest_route=%2Fwp%2Fv2%2Fcomments&post=1035"}],"version-history":[{"count":3,"href":"https:\/\/unissons.art\/index.php?rest_route=\/wp\/v2\/posts\/1035\/revisions"}],"predecessor-version":[{"id":1041,"href":"https:\/\/unissons.art\/index.php?rest_route=\/wp\/v2\/posts\/1035\/revisions\/1041"}],"wp:featuredmedia":[{"embeddable":true,"href":"https:\/\/unissons.art\/index.php?rest_route=\/wp\/v2\/media\/1038"}],"wp:attachment":[{"href":"https:\/\/unissons.art\/index.php?rest_route=%2Fwp%2Fv2%2Fmedia&parent=1035"}],"wp:term":[{"taxonomy":"category","embeddable":true,"href":"https:\/\/unissons.art\/index.php?rest_route=%2Fwp%2Fv2%2Fcategories&post=1035"},{"taxonomy":"post_tag","embeddable":true,"href":"https:\/\/unissons.art\/index.php?rest_route=%2Fwp%2Fv2%2Ftags&post=1035"}],"curies":[{"name":"wp","href":"https:\/\/api.w.org\/{rel}","templated":true}]}}